{"id":8489,"date":"2022-06-10T04:54:38","date_gmt":"2022-06-10T02:54:38","guid":{"rendered":"https:\/\/pro-bahn-hessen.de\/?p=8489"},"modified":"2022-06-27T00:24:00","modified_gmt":"2022-06-26T22:24:00","slug":"infostand-fuer-unterschriften-zur-verkehrswendekampagne-am-17-06-in-marburg","status":"publish","type":"post","link":"https:\/\/pro-bahn-hessen.de\/?p=8489","title":{"rendered":"Infostand f\u00fcr Unterschriften zur Verkehrswendekampagne am 17.06. in Marburg"},"content":{"rendered":"<p><a href=\"https:\/\/pro-bahn-hessen.de\/wp-content\/uploads\/2021\/11\/Logo-Verkehrswende-Hessen-zugeschnitten-3.png\"><img loading=\"lazy\" decoding=\"async\" src=\"https:\/\/pro-bahn-hessen.de\/wp-content\/uploads\/2021\/11\/Logo-Verkehrswende-Hessen-zugeschnitten-3-300x163.png\" alt=\"\" width=\"300\" height=\"163\" class=\"alignleft size-medium wp-image-8140\" srcset=\"https:\/\/pro-bahn-hessen.de\/wp-content\/uploads\/2021\/11\/Logo-Verkehrswende-Hessen-zugeschnitten-3-300x163.png 300w, https:\/\/pro-bahn-hessen.de\/wp-content\/uploads\/2021\/11\/Logo-Verkehrswende-Hessen-zugeschnitten-3-1024x557.png 1024w, https:\/\/pro-bahn-hessen.de\/wp-content\/uploads\/2021\/11\/Logo-Verkehrswende-Hessen-zugeschnitten-3-768x418.png 768w, https:\/\/pro-bahn-hessen.de\/wp-content\/uploads\/2021\/11\/Logo-Verkehrswende-Hessen-zugeschnitten-3-1536x835.png 1536w, https:\/\/pro-bahn-hessen.de\/wp-content\/uploads\/2021\/11\/Logo-Verkehrswende-Hessen-zugeschnitten-3-2048x1114.png 2048w\" sizes=\"(max-width: 300px) 100vw, 300px\" \/><\/a><\/p>\n<p>Am Freitag, den 17.06.2022, ca. ab 13:45 Uhr, f\u00fchren der PRO BAHN Landesverband Hessen und der PRO BAHN Regionalverband Mittelhessen in Marburg auf dem Bahnhofsvorplatz im Bereich des Busbahnhofs einen Infostand durch, bei dem die M\u00f6glichkeit besteht, Unterst\u00fctzungsb\u00f6gen f\u00fcr die laufende Verkehrswendekampagne auszuf\u00fcllen und zu unterschreiben.<!--more--><\/p>\n<p>Die Verkehrswende-Kampagne, ist eine gro\u00df angelegte landesweite Aktion an welchem zahlreiche Vereine und Verb\u00e4nde beteiligt sind. Ziel ist, im Herbst 2023 zur Landtagswahl in Hessen einen Volksentscheid zu erwirken, um ein nachhaltiges Verkehrswendegesetz durchzusetzen. Neben Informationen zu der Verkehrswende-Kampagne gibt es auch Informationen zum Fahrgastverband PRO BAHN. <\/p>\n<p><a href=\"https:\/\/pro-bahn-hessen.de\/wp-content\/uploads\/2022\/05\/20180827_164017-klein-500.jpg\"><img loading=\"lazy\" decoding=\"async\" src=\"https:\/\/pro-bahn-hessen.de\/wp-content\/uploads\/2022\/05\/20180827_164017-klein-500-300x225.jpg\" alt=\"\" width=\"300\" height=\"225\" class=\"alignright size-medium wp-image-8425\" srcset=\"https:\/\/pro-bahn-hessen.de\/wp-content\/uploads\/2022\/05\/20180827_164017-klein-500-300x225.jpg 300w, https:\/\/pro-bahn-hessen.de\/wp-content\/uploads\/2022\/05\/20180827_164017-klein-500.jpg 500w\" sizes=\"(max-width: 300px) 100vw, 300px\" \/><\/a><\/p>\n","protected":false},"excerpt":{"rendered":"<p>Am Freitag, den 17.06.2022, ca. ab 13:45 Uhr, f\u00fchren der PRO BAHN Landesverband Hessen und der PRO BAHN Regionalverband Mittelhessen in Marburg auf dem Bahnhofsvorplatz im Bereich des Busbahnhofs einen Infostand durch, bei dem die M\u00f6glichkeit besteht, Unterst\u00fctzungsb\u00f6gen f\u00fcr die &hellip; <a href=\"https:\/\/pro-bahn-hessen.de\/?p=8489\">Weiterlesen <span class=\"meta-nav\">&rarr;<\/span><\/a><\/p>\n","protected":false},"author":4,"featured_media":0,"comment_status":"closed","ping_status":"open","sticky":false,"template":"","format":"standard","meta":{"footnotes":""},"categories":[1],"tags":[],"_links":{"self":[{"href":"https:\/\/pro-bahn-hessen.de\/index.php?rest_route=\/wp\/v2\/posts\/8489"}],"collection":[{"href":"https:\/\/pro-bahn-hessen.de\/index.php?rest_route=\/wp\/v2\/posts"}],"about":[{"href":"https:\/\/pro-bahn-hessen.de\/index.php?rest_route=\/wp\/v2\/types\/post"}],"author":[{"embeddable":true,"href":"https:\/\/pro-bahn-hessen.de\/index.php?rest_route=\/wp\/v2\/users\/4"}],"replies":[{"embeddable":true,"href":"https:\/\/pro-bahn-hessen.de\/index.php?rest_route=%2Fwp%2Fv2%2Fcomments&post=8489"}],"version-history":[{"count":1,"href":"https:\/\/pro-bahn-hessen.de\/index.php?rest_route=\/wp\/v2\/posts\/8489\/revisions"}],"predecessor-version":[{"id":8490,"href":"https:\/\/pro-bahn-hessen.de\/index.php?rest_route=\/wp\/v2\/posts\/8489\/revisions\/8490"}],"wp:attachment":[{"href":"https:\/\/pro-bahn-hessen.de\/index.php?rest_route=%2Fwp%2Fv2%2Fmedia&parent=8489"}],"wp:term":[{"taxonomy":"category","embeddable":true,"href":"https:\/\/pro-bahn-hessen.de\/index.php?rest_route=%2Fwp%2Fv2%2Fcategories&post=8489"},{"taxonomy":"post_tag","embeddable":true,"href":"https:\/\/pro-bahn-hessen.de\/index.php?rest_route=%2Fwp%2Fv2%2Ftags&post=8489"}],"curies":[{"name":"wp","href":"https:\/\/api.w.org\/{rel}","templated":true}]}}