{"id":8516,"date":"2022-07-09T23:54:57","date_gmt":"2022-07-09T21:54:57","guid":{"rendered":"https:\/\/pro-bahn-hessen.de\/?p=8516"},"modified":"2022-07-17T23:36:53","modified_gmt":"2022-07-17T21:36:53","slug":"erlebnisse-streckensperrung-friedberg-frankfurt","status":"publish","type":"post","link":"https:\/\/pro-bahn-hessen.de\/?p=8516","title":{"rendered":"Erlebnisse Streckensperrung Friedberg-Frankfurt &#8211; wir sammeln Erlebnisse der Fahrg\u00e4ste von einem der gr\u00f6\u00dften \u00f6ffentlichen Verkehrsdesaster in Hessens Geschichte"},"content":{"rendered":"<div class=\"mceTemp\">\n<p><a href=\"https:\/\/pro-bahn-hessen.de\/wp-content\/uploads\/2022\/07\/20220612_165227-klein-500.jpg\"><img loading=\"lazy\" decoding=\"async\" class=\"size-medium wp-image-8517 aligncenter\" src=\"https:\/\/pro-bahn-hessen.de\/wp-content\/uploads\/2022\/07\/20220612_165227-klein-500-300x225.jpg\" alt=\"Die im Ausbau befindliche Strecke der Main-Weser-Bahn bei Frankfurt-Berkersheim. Links auf der neuen Trasse fahren k\u00fcnftig die Regional- und Fernz\u00fcge, rechts die S-Bahn.\" width=\"300\" height=\"225\" srcset=\"https:\/\/pro-bahn-hessen.de\/wp-content\/uploads\/2022\/07\/20220612_165227-klein-500-300x225.jpg 300w, https:\/\/pro-bahn-hessen.de\/wp-content\/uploads\/2022\/07\/20220612_165227-klein-500.jpg 500w\" sizes=\"(max-width: 300px) 100vw, 300px\" \/><\/a><\/p>\n<p>Die im Ausbau befindliche Strecke der Main-Weser-Bahn bei Frankfurt-Berkersheim. Links auf der neuen Trasse fahren k\u00fcnftig die Regional- und Fernz\u00fcge, rechts die S-Bahn<\/p>\n<\/div>\n<p>.<strong>Schildere\/Teile uns aus der gr\u00f6\u00dften Fehlleistung in der Geschichte des Bahnwesens mit<\/strong><\/p>\n<div class=\"mceTemp\">\n<p>Vom 09.07.2022 ist die Main-Weser-Bahn in ihrem ersten Ausbauabschnitt zwischen Frankfurt (Main) West und Bad Vilbel komplett gesperrt. Wir vom PRO BAHN Landesverband Hessen e.V.\u00a0sehen in der aktuellen Bauphase auch die Notwendigkeit der Vollsperrung. Jedoch was nun als Ersatzfahrplan auf der Umleitungsstrecke angeboten wird, ist eine Katastrophe.<\/p>\n<p>Einfach einen Kommentar hier auf dieser Seite schreiben oder eine Mail an\u00a0<strong><a href=\"mailto:sperrung@pro-bahn-hessen.de\">sperrung@pro-bahn-hessen.de<\/a><\/strong><\/p>\n<p>Nach Abschluss der Sperrung wollen wir ein umfassendes Fazit ziehen.<\/p>\n<\/div>\n<p>&nbsp;<\/p>\n","protected":false},"excerpt":{"rendered":"<p>Die im Ausbau befindliche Strecke der Main-Weser-Bahn bei Frankfurt-Berkersheim. Links auf der neuen Trasse fahren k\u00fcnftig die Regional- und Fernz\u00fcge, rechts die S-Bahn .Schildere\/Teile uns aus der gr\u00f6\u00dften Fehlleistung in der Geschichte des Bahnwesens mit Vom 09.07.2022 ist die Main-Weser-Bahn &hellip; <a href=\"https:\/\/pro-bahn-hessen.de\/?p=8516\">Weiterlesen <span class=\"meta-nav\">&rarr;<\/span><\/a><\/p>\n","protected":false},"author":4,"featured_media":0,"comment_status":"open","ping_status":"open","sticky":false,"template":"","format":"standard","meta":{"footnotes":""},"categories":[1],"tags":[],"_links":{"self":[{"href":"https:\/\/pro-bahn-hessen.de\/index.php?rest_route=\/wp\/v2\/posts\/8516"}],"collection":[{"href":"https:\/\/pro-bahn-hessen.de\/index.php?rest_route=\/wp\/v2\/posts"}],"about":[{"href":"https:\/\/pro-bahn-hessen.de\/index.php?rest_route=\/wp\/v2\/types\/post"}],"author":[{"embeddable":true,"href":"https:\/\/pro-bahn-hessen.de\/index.php?rest_route=\/wp\/v2\/users\/4"}],"replies":[{"embeddable":true,"href":"https:\/\/pro-bahn-hessen.de\/index.php?rest_route=%2Fwp%2Fv2%2Fcomments&post=8516"}],"version-history":[{"count":9,"href":"https:\/\/pro-bahn-hessen.de\/index.php?rest_route=\/wp\/v2\/posts\/8516\/revisions"}],"predecessor-version":[{"id":8537,"href":"https:\/\/pro-bahn-hessen.de\/index.php?rest_route=\/wp\/v2\/posts\/8516\/revisions\/8537"}],"wp:attachment":[{"href":"https:\/\/pro-bahn-hessen.de\/index.php?rest_route=%2Fwp%2Fv2%2Fmedia&parent=8516"}],"wp:term":[{"taxonomy":"category","embeddable":true,"href":"https:\/\/pro-bahn-hessen.de\/index.php?rest_route=%2Fwp%2Fv2%2Fcategories&post=8516"},{"taxonomy":"post_tag","embeddable":true,"href":"https:\/\/pro-bahn-hessen.de\/index.php?rest_route=%2Fwp%2Fv2%2Ftags&post=8516"}],"curies":[{"name":"wp","href":"https:\/\/api.w.org\/{rel}","templated":true}]}}