{"id":8552,"date":"2022-07-22T11:06:14","date_gmt":"2022-07-22T09:06:14","guid":{"rendered":"https:\/\/pro-bahn-hessen.de\/?p=8552"},"modified":"2022-07-24T11:07:18","modified_gmt":"2022-07-24T09:07:18","slug":"fahrgastverband-pro-bahn-dankt-dem-gebietskoerperschaften-mittelhessens-fuer-ihre-resolutionen-mit-der-deutlichen-kritik-am-zustand-der-main-weser-bahn-und-der-dillstrecke","status":"publish","type":"post","link":"https:\/\/pro-bahn-hessen.de\/?p=8552","title":{"rendered":"Fahrgastverband PRO BAHN dankt dem Gebietsk\u00f6rperschaften Mittelhessens f\u00fcr ihre Resolutionen mit der deutlichen Kritik am Zustand der Main-Weser-Bahn und der Dillstrecke"},"content":{"rendered":"<div id=\"attachment_8517\" style=\"width: 310px\" class=\"wp-caption alignleft\"><a href=\"https:\/\/pro-bahn-hessen.de\/wp-content\/uploads\/2022\/07\/20220612_165227-klein-500.jpg\"><img loading=\"lazy\" decoding=\"async\" aria-describedby=\"caption-attachment-8517\" src=\"https:\/\/pro-bahn-hessen.de\/wp-content\/uploads\/2022\/07\/20220612_165227-klein-500-300x225.jpg\" alt=\"Die im Ausbau befindliche Strecke der Main-Weser-Bahn bei Frankfurt-Berkersheim. Links auf der neuen Trasse fahren k\u00fcnftig die Regional- und Fernz\u00fcge, rechts die S-Bahn.\" width=\"300\" height=\"225\" class=\"size-medium wp-image-8517\" srcset=\"https:\/\/pro-bahn-hessen.de\/wp-content\/uploads\/2022\/07\/20220612_165227-klein-500-300x225.jpg 300w, https:\/\/pro-bahn-hessen.de\/wp-content\/uploads\/2022\/07\/20220612_165227-klein-500.jpg 500w\" sizes=\"(max-width: 300px) 100vw, 300px\" \/><\/a><p id=\"caption-attachment-8517\" class=\"wp-caption-text\">Die im Ausbau befindliche Strecke der Main-Weser-Bahn bei Frankfurt-Berkersheim. Links auf der neuen Trasse fahren k\u00fcnftig die Regional- und Fernz\u00fcge, rechts die S-Bahn.<\/p><\/div>\n<p>Schon seit l\u00e4ngerer Zeit \u00fcben die PRO BAHN-Gliederungen zu den verschiedenen Faktoren deutliche Kritik am Zustand der Main-Weser-Bahn. Der Eindruck konnte entstehen, dass der Fahrgastverband PRO BAHN mit seinen Botschaften allein auf weiter Flur ist. Dies wurde schon anders, in dem sich die Verb\u00e4nde, Vereine und Gemeinschaften zum \u201eB\u00fcndnis \u00d6PNV-Wende Mittelhessen\u201c zusammengeschlossen haben.<\/p>\n<p>Mit den j\u00fcngsten Resolutionen unterstreicht die kommunale Seite Mittelhessens nochmals, dass sie auch nicht mit der Gesamtsituation zufrieden ist. Daher bedankt sich der Fahrgastverband PRO BAHN bei der\/dem:<br \/>\nKreistag des Landkreises Marburg-Biedenkopf<br \/>\nFahrgastbeirat des Landkreises Marburg-Biedenkopf und der Universit\u00e4tsstadt Marburg<br \/>\nStadtverordnetenversammlung Marburg<br \/>\nKreistag des Lahn-Dill-Kreises<br \/>\nFahrgastbeirat des Lahn-Dill-Kreises und der Stadt Wetzlar<br \/>\nf\u00fcr ihre beschlossenen Resolutionen.<!--more--><\/p>\n<p>Darin \u00fcben die Organe deutliche Kritik an dem Zustand der Main-Weser-Bahn, der \u00fcber viele Jahre hinweg herbeigef\u00fchrten Situation, insbesondere auch am Baustellenfahrplan mit der Umleitung aufgrund der Teilstreckensperrung bei Bad Vilbel.<\/p>\n<p>PRO BAHN wird sich bei den Organen f\u00fcr die inhaltliche Unterst\u00fctzung schriftlich bedanken. Die mittelhessischen Gebietsk\u00f6rperschaften haben sich nicht das erste Mal zur Main-Weser-Bahn artikuliert. So sind in den letzten Jahren Positionen artikuliert worden, wie z.B. Stellungnahmen zum Regionalen Nahverkehrsplan des Rhein-Main-Verkehrsverbundes (RMV), welche zum gro\u00dfen Teil deckungsgleich mit PRO BAHN-Auffassungen waren und nicht mit denen der leitenden Mitarbeiterinnen\/Mitarbeiter des Verkehrswesens \u00fcbereinstimmten.<\/p>\n<p>Der PRO BAHN Landesverband Hessen wird sich bei allen f\u00fcnf Organen schriftlich bedanken.<\/p>\n","protected":false},"excerpt":{"rendered":"<p>Schon seit l\u00e4ngerer Zeit \u00fcben die PRO BAHN-Gliederungen zu den verschiedenen Faktoren deutliche Kritik am Zustand der Main-Weser-Bahn. Der Eindruck konnte entstehen, dass der Fahrgastverband PRO BAHN mit seinen Botschaften allein auf weiter Flur ist. Dies wurde schon anders, in &hellip; <a href=\"https:\/\/pro-bahn-hessen.de\/?p=8552\">Weiterlesen <span class=\"meta-nav\">&rarr;<\/span><\/a><\/p>\n","protected":false},"author":1,"featured_media":0,"comment_status":"closed","ping_status":"open","sticky":false,"template":"","format":"standard","meta":{"footnotes":""},"categories":[1],"tags":[],"_links":{"self":[{"href":"https:\/\/pro-bahn-hessen.de\/index.php?rest_route=\/wp\/v2\/posts\/8552"}],"collection":[{"href":"https:\/\/pro-bahn-hessen.de\/index.php?rest_route=\/wp\/v2\/posts"}],"about":[{"href":"https:\/\/pro-bahn-hessen.de\/index.php?rest_route=\/wp\/v2\/types\/post"}],"author":[{"embeddable":true,"href":"https:\/\/pro-bahn-hessen.de\/index.php?rest_route=\/wp\/v2\/users\/1"}],"replies":[{"embeddable":true,"href":"https:\/\/pro-bahn-hessen.de\/index.php?rest_route=%2Fwp%2Fv2%2Fcomments&post=8552"}],"version-history":[{"count":3,"href":"https:\/\/pro-bahn-hessen.de\/index.php?rest_route=\/wp\/v2\/posts\/8552\/revisions"}],"predecessor-version":[{"id":8555,"href":"https:\/\/pro-bahn-hessen.de\/index.php?rest_route=\/wp\/v2\/posts\/8552\/revisions\/8555"}],"wp:attachment":[{"href":"https:\/\/pro-bahn-hessen.de\/index.php?rest_route=%2Fwp%2Fv2%2Fmedia&parent=8552"}],"wp:term":[{"taxonomy":"category","embeddable":true,"href":"https:\/\/pro-bahn-hessen.de\/index.php?rest_route=%2Fwp%2Fv2%2Fcategories&post=8552"},{"taxonomy":"post_tag","embeddable":true,"href":"https:\/\/pro-bahn-hessen.de\/index.php?rest_route=%2Fwp%2Fv2%2Ftags&post=8552"}],"curies":[{"name":"wp","href":"https:\/\/api.w.org\/{rel}","templated":true}]}}