{"id":880,"date":"2013-11-01T22:01:52","date_gmt":"2013-11-01T20:01:52","guid":{"rendered":"http:\/\/pro-bahn-hessen.de\/?p=880"},"modified":"2013-11-02T00:18:33","modified_gmt":"2013-11-01T22:18:33","slug":"die-fahrgastzeitung-wird-100-bundesverband-wurdigt-arbeit-zur-100-ausgabe-der-fgz-mit-4-sonderseiten-im-fahrgast","status":"publish","type":"post","link":"https:\/\/pro-bahn-hessen.de\/?p=880","title":{"rendered":"Die Fahrgastzeitung wird 100 &#8211; bundesweite W\u00fcrdigung"},"content":{"rendered":"<p><strong>Bundesverband des Fahrgastverbandes PRO BAHN w\u00fcrdigt die Arbeit der Kolleginnen und Kollegen aus Hessen und Rhein-Neckar mit 4 Sonderseiten in der bundesweit erscheinenden Fachzeitschrift \u201eDer Fahrgast\u201c<\/strong><\/p>\n<p>Unter dem Titel \u201eS\u00fcdhessenschiene\u201c erschien im Jahr 1997 die erste Fahrgastzeitung (FGZ). Nun, \u00fcber 16 Jahre sp\u00e4ter nimmt PRO BAHN das besondere Jubil\u00e4um zum Anlass, dass die Fahrgastzeitung nun im November 2013 zum 100. Mal erscheint, an den Verlauf und die fortw\u00e4hrende Arbeit zu denken, die mit der Herausgabe stets verbunden ist.<a href=\"http:\/\/pro-bahn-hessen.de\/wp-content\/uploads\/2013\/11\/Fahrgast-\u00fcber-FGZ-100-1.-Seite-\u00fcber-FGZ.jpg\"><img loading=\"lazy\" decoding=\"async\" src=\"http:\/\/pro-bahn-hessen.de\/wp-content\/uploads\/2013\/11\/Fahrgast-\u00fcber-FGZ-100-1.-Seite-\u00fcber-FGZ-218x300.jpg\" alt=\"Fahrgast \u00fcber FGZ 100 1. Seite \u00fcber FGZ\" width=\"218\" height=\"300\" class=\"aligncenter size-medium wp-image-882\" srcset=\"https:\/\/pro-bahn-hessen.de\/wp-content\/uploads\/2013\/11\/Fahrgast-\u00fcber-FGZ-100-1.-Seite-\u00fcber-FGZ-218x300.jpg 218w, https:\/\/pro-bahn-hessen.de\/wp-content\/uploads\/2013\/11\/Fahrgast-\u00fcber-FGZ-100-1.-Seite-\u00fcber-FGZ-744x1024.jpg 744w, https:\/\/pro-bahn-hessen.de\/wp-content\/uploads\/2013\/11\/Fahrgast-\u00fcber-FGZ-100-1.-Seite-\u00fcber-FGZ.jpg 1700w\" sizes=\"(max-width: 218px) 100vw, 218px\" \/><\/a><!--more--><\/p>\n<p>Der Bundesverband des Fahrgastverbandes PRO BAHN w\u00fcrdigt die Arbeit der Kolleginnen und Kollegen aus dem Landesverband Hessen und dem Regionalverband Rhein-Neckar im benachbarten Baden-W\u00fcrttemberg durch 4 Sonderseiten in der bundesweit erscheinenden Fachzeitschrift \u201eDer Fahrgast\u201c.<\/p>\n<p>Die Fahrgastzeitung erscheint 5-6 mal j\u00e4hrlich. Die Texte stammen allesamt von ehrenamtlich arbeitenden Autoren. Auch die beiden Endredakteure arbeiten ehrenamtlich, worauf der Landesverband Hessen und auch der Bundesverband stolz ist.<\/p>\n<p><a href=\"http:\/\/pro-bahn-hessen.de\/wp-content\/uploads\/2013\/11\/Fahrgast-\u00fcber-FGZ-100-Titelseite.jpg\"><img loading=\"lazy\" decoding=\"async\" src=\"http:\/\/pro-bahn-hessen.de\/wp-content\/uploads\/2013\/11\/Fahrgast-\u00fcber-FGZ-100-Titelseite-218x300.jpg\" alt=\"Fahrgast \u00fcber FGZ 100 Titelseite\" width=\"218\" height=\"300\" class=\"aligncenter size-medium wp-image-883\" srcset=\"https:\/\/pro-bahn-hessen.de\/wp-content\/uploads\/2013\/11\/Fahrgast-\u00fcber-FGZ-100-Titelseite-218x300.jpg 218w, https:\/\/pro-bahn-hessen.de\/wp-content\/uploads\/2013\/11\/Fahrgast-\u00fcber-FGZ-100-Titelseite-744x1024.jpg 744w, https:\/\/pro-bahn-hessen.de\/wp-content\/uploads\/2013\/11\/Fahrgast-\u00fcber-FGZ-100-Titelseite.jpg 1700w\" sizes=\"(max-width: 218px) 100vw, 218px\" \/><\/a><\/p>\n<p>Die Seiten der Lekt\u00fcre \u201eDer Fahrgast\u201c, welcher nun am 01.11.2013 erschienen ist, enthalten neben der Betrachtung der \u201eFGZ\u201c Berichte \u00fcber die Situation des Schienenpersonenverkehrs in Hessen und Rhein-Neckar. Dabei werden Visionen,  Erfolge aber auch d\u00fcstere Bilder aufgezeigt. Die \u00dcberschriften lauten:<br \/>\n&#8211; Schlusslicht Hessen im Bundesl\u00e4nderindex<br \/>\n&#8211; Eine Vision \u2013 Der Schienenverkehr in Nordhessen im Jahr 2030<br \/>\n&#8211; Osthessen: ICE und abgewandete Streckenstilllegungen<br \/>\n&#8211; Mittelhessen: schienentechnisch \u201eDritte Welt\u201c<br \/>\n&#8211; Das Drehkreuz Frankfurt muss ge\u00f6lt werden<br \/>\n&#8211; Starkenburg: beachtliche Erfolge<br \/>\n&#8211; Oft untersch\u00e4tzt: Die Metropolregion Rhein-Neckar<\/p>\n<p>Einzelne Ausgaben der Fachzeitschrift \u201eDer Fahrgast\u201c k\u00f6nnen bezogen werden.<\/p>\n<p>Fahrgastverband PRO BAHN<br \/>\nBundesverband<br \/>\nFriedrichstra\u00dfe 95<br \/>\n10117 Berlin<br \/>\nTel.: (030) 39820581<br \/>\nFax: (030) 20179967<br \/>\nmail@der-fahrgast.de<\/p>\n<p>Der Vorstand des Landesverbandes Hessen bedankt sich beim Bundesverband f\u00fcr die Unterst\u00fctzung und bei den Kolleginnen und Kollegen f\u00fcr die jahrelang erbrachte und die k\u00fcnftige Arbeit.<\/p>\n","protected":false},"excerpt":{"rendered":"<p>Bundesverband des Fahrgastverbandes PRO BAHN w\u00fcrdigt die Arbeit der Kolleginnen und Kollegen aus Hessen und Rhein-Neckar mit 4 Sonderseiten in der bundesweit erscheinenden Fachzeitschrift \u201eDer Fahrgast\u201c Unter dem Titel \u201eS\u00fcdhessenschiene\u201c erschien im Jahr 1997 die erste Fahrgastzeitung (FGZ). Nun, \u00fcber &hellip; <a href=\"https:\/\/pro-bahn-hessen.de\/?p=880\">Weiterlesen <span class=\"meta-nav\">&rarr;<\/span><\/a><\/p>\n","protected":false},"author":1,"featured_media":0,"comment_status":"open","ping_status":"open","sticky":false,"template":"","format":"standard","meta":{"footnotes":""},"categories":[1],"tags":[],"_links":{"self":[{"href":"https:\/\/pro-bahn-hessen.de\/index.php?rest_route=\/wp\/v2\/posts\/880"}],"collection":[{"href":"https:\/\/pro-bahn-hessen.de\/index.php?rest_route=\/wp\/v2\/posts"}],"about":[{"href":"https:\/\/pro-bahn-hessen.de\/index.php?rest_route=\/wp\/v2\/types\/post"}],"author":[{"embeddable":true,"href":"https:\/\/pro-bahn-hessen.de\/index.php?rest_route=\/wp\/v2\/users\/1"}],"replies":[{"embeddable":true,"href":"https:\/\/pro-bahn-hessen.de\/index.php?rest_route=%2Fwp%2Fv2%2Fcomments&post=880"}],"version-history":[{"count":4,"href":"https:\/\/pro-bahn-hessen.de\/index.php?rest_route=\/wp\/v2\/posts\/880\/revisions"}],"predecessor-version":[{"id":891,"href":"https:\/\/pro-bahn-hessen.de\/index.php?rest_route=\/wp\/v2\/posts\/880\/revisions\/891"}],"wp:attachment":[{"href":"https:\/\/pro-bahn-hessen.de\/index.php?rest_route=%2Fwp%2Fv2%2Fmedia&parent=880"}],"wp:term":[{"taxonomy":"category","embeddable":true,"href":"https:\/\/pro-bahn-hessen.de\/index.php?rest_route=%2Fwp%2Fv2%2Fcategories&post=880"},{"taxonomy":"post_tag","embeddable":true,"href":"https:\/\/pro-bahn-hessen.de\/index.php?rest_route=%2Fwp%2Fv2%2Ftags&post=880"}],"curies":[{"name":"wp","href":"https:\/\/api.w.org\/{rel}","templated":true}]}}