{"id":905,"date":"2013-11-11T00:35:10","date_gmt":"2013-11-10T22:35:10","guid":{"rendered":"http:\/\/pro-bahn-hessen.de\/?p=905"},"modified":"2013-11-11T01:08:02","modified_gmt":"2013-11-10T23:08:02","slug":"landesverband-hessen-will-den-pro-bahn-bundesverbandstag-2017-oder-alternativ-2018-nach-hessen-holen","status":"publish","type":"post","link":"https:\/\/pro-bahn-hessen.de\/?p=905","title":{"rendered":"Landesverband Hessen will den Bundesverbandstag von PRO BAHN &#8211; 2017 oder alternativ 2018 &#8211; nach Hessen holen"},"content":{"rendered":"<p><div id=\"attachment_912\" style=\"width: 310px\" class=\"wp-caption aligncenter\"><a href=\"http:\/\/pro-bahn-hessen.de\/wp-content\/uploads\/2013\/11\/DSC08264-geschnittenscharf-klein-400.jpg\"><img loading=\"lazy\" decoding=\"async\" aria-describedby=\"caption-attachment-912\" src=\"http:\/\/pro-bahn-hessen.de\/wp-content\/uploads\/2013\/11\/DSC08264-geschnittenscharf-klein-400-300x213.jpg\" alt=\"Naumann und Bruchertseifer BVT Bochum 2013\" width=\"300\" height=\"213\" class=\"size-medium wp-image-912\" srcset=\"https:\/\/pro-bahn-hessen.de\/wp-content\/uploads\/2013\/11\/DSC08264-geschnittenscharf-klein-400-300x213.jpg 300w, https:\/\/pro-bahn-hessen.de\/wp-content\/uploads\/2013\/11\/DSC08264-geschnittenscharf-klein-400.jpg 400w\" sizes=\"(max-width: 300px) 100vw, 300px\" \/><\/a><p id=\"caption-attachment-912\" class=\"wp-caption-text\">Bundesverbandstag 08.-10.03.2013 in Bochum, Veranstaltungssaal des Betriebshofs der BOGESTRA (Bochum-Gelsenkirchener Stra\u00dfenbahn).<br \/>Am Rednerpult der Bundes-Ehrenvorsitzende Karl-Peter Naumann (LV Schleswig-Hostein\/Hamburg), im Hintergrund der Bundesvorsitzende J\u00f6rg Bruchertseifer (LV Bayern).<\/p><\/div><strong>Landesausschuss tagte am Freitag (08.11.) und legte die Termine f\u00fcr das Jahr 2014 fest.<\/strong><\/p>\n<p>Der Landesausschuss von PRO BAHN Hessen traf sich zu seiner Sitzung und es standen verschiedene Themen auf der Tagesordnung. Schwerpunkt dieses Mal die Terminplanung. Im Jahr 2014 wird das oberste Organ des Landesverbandes, die Landesversammlung, sich am Samstag, den 17. Mai 2013 in Fulda zusammenfinden. Im Rhythmus der 5 Regionalverb\u00e4nde Hessens ist im neuen Jahr die Region Osthessen an der Reihe, wozu alle Mitglieder des Landesverbandes eingeladen werden. Es ist auch wieder ein Rahmenprogramm mit einer Exkursion geplant.<!--more--><\/p>\n<p>Die Arbeit f\u00fcr die Mitglieder findet au\u00dferdem in den 5 Regionalverb\u00e4nden statt. Wie im laufenden Jahr, so wird auch 2014 es nach gleichem System Versammlungen bzw. Treffen\/Stammtische geben. Im Regionalverband Starkenburg e.V. wird sich monatlich in Darmstadt getroffen, ebenso im Regionalverband Gro\u00dfraum Frankfurt e.V. mitten in der Mainmetropole und im Regionalverband Nordhessen kommt man auch monatlich in Kassel zusammen. Die Regionalverb\u00e4nde Mittelhessen und Osthessen wechseln sich im zweimonatigen Wechsel mit ihren Treffen ab, so dass es hier jeweils sechs Treffen gibt, f\u00fcr Mittelhessen in Gie\u00dfen und f\u00fcr Osthessen in Fulda.<\/p>\n<p>\u00dcber die Landesgrenze hinaus blickte man am 08.11. ebenfalls. So entschied der Landesausschuss, dem Bundesverband den Vorschlag mitzuteilen, entweder im Jahr 2017 oder alternativ im Jahr 2018 den Bundesverbandstag, das h\u00f6chste Organ des Fahrgastver-bandes PRO BAHN im Bundesland Hessen durchzuf\u00fchren. Der Bundesverbandstag ist immer an einem Samstag, dem geht am Freitag die Verleihung des Fahrgastpreises voraus, am Sonntag gibt es immer eine Exkursion. Au\u00dferdem gibt es Fachgruppentagungen. Der Landesverband Hessen hat f\u00fcr die Austragung 2017 oder 2018 noch keine konkrete hessische Stadt im Blick, jedoch m\u00f6chte man diesen aufgrund seines Umfangs in keiner kleinen Stadt, sondern eine der gro\u00dfen Kommunen Hessens durchf\u00fchren.<\/p>\n<p>Es standen au\u00dferdem noch einige Inhalte auf der Tagesordnung am 08.11.2013 in Frankfurt. Dazu geh\u00f6rten die Themen \u201eAlkoholkonsumverbot im \u00d6ffentlichen Personennahverkehr (\u00d6PNV), \u201eRechtsstellung der Fernbusse\u201c, die vom Landesverband Hessen herausgegebene Fahrgastzeitung (FGZ) und die bundesweite Zeitung \u201eDer Fahrgast\u201c.<\/p>\n","protected":false},"excerpt":{"rendered":"<p>Landesausschuss tagte am Freitag (08.11.) und legte die Termine f\u00fcr das Jahr 2014 fest. Der Landesausschuss von PRO BAHN Hessen traf sich zu seiner Sitzung und es standen verschiedene Themen auf der Tagesordnung. Schwerpunkt dieses Mal die Terminplanung. Im Jahr &hellip; <a href=\"https:\/\/pro-bahn-hessen.de\/?p=905\">Weiterlesen <span class=\"meta-nav\">&rarr;<\/span><\/a><\/p>\n","protected":false},"author":1,"featured_media":0,"comment_status":"open","ping_status":"open","sticky":false,"template":"","format":"standard","meta":{"footnotes":""},"categories":[1],"tags":[],"_links":{"self":[{"href":"https:\/\/pro-bahn-hessen.de\/index.php?rest_route=\/wp\/v2\/posts\/905"}],"collection":[{"href":"https:\/\/pro-bahn-hessen.de\/index.php?rest_route=\/wp\/v2\/posts"}],"about":[{"href":"https:\/\/pro-bahn-hessen.de\/index.php?rest_route=\/wp\/v2\/types\/post"}],"author":[{"embeddable":true,"href":"https:\/\/pro-bahn-hessen.de\/index.php?rest_route=\/wp\/v2\/users\/1"}],"replies":[{"embeddable":true,"href":"https:\/\/pro-bahn-hessen.de\/index.php?rest_route=%2Fwp%2Fv2%2Fcomments&post=905"}],"version-history":[{"count":12,"href":"https:\/\/pro-bahn-hessen.de\/index.php?rest_route=\/wp\/v2\/posts\/905\/revisions"}],"predecessor-version":[{"id":922,"href":"https:\/\/pro-bahn-hessen.de\/index.php?rest_route=\/wp\/v2\/posts\/905\/revisions\/922"}],"wp:attachment":[{"href":"https:\/\/pro-bahn-hessen.de\/index.php?rest_route=%2Fwp%2Fv2%2Fmedia&parent=905"}],"wp:term":[{"taxonomy":"category","embeddable":true,"href":"https:\/\/pro-bahn-hessen.de\/index.php?rest_route=%2Fwp%2Fv2%2Fcategories&post=905"},{"taxonomy":"post_tag","embeddable":true,"href":"https:\/\/pro-bahn-hessen.de\/index.php?rest_route=%2Fwp%2Fv2%2Ftags&post=905"}],"curies":[{"name":"wp","href":"https:\/\/api.w.org\/{rel}","templated":true}]}}