{"id":9410,"date":"2024-04-25T12:59:24","date_gmt":"2024-04-25T10:59:24","guid":{"rendered":"https:\/\/pro-bahn-hessen.de\/?p=9410"},"modified":"2024-05-10T13:01:08","modified_gmt":"2024-05-10T11:01:08","slug":"thomas-mroczek-ist-regionalvorsitzender-des-pro-bahn-regionalverbandes-starkenburg-mitgliederversammlung-des-rv-starkenburg-am-20-04-2024-in-nauheim-b-gross-gerau","status":"publish","type":"post","link":"https:\/\/pro-bahn-hessen.de\/?p=9410","title":{"rendered":"Thomas Mroczek ist Regionalvorsitzender des PRO BAHN Regionalverbandes Starkenburg &#8211; Mitgliederversammlung des RV Starkenburg am 20.04.2024 in Nauheim (b. Gro\u00df-Gerau)"},"content":{"rendered":"<p><strong>Susan Grimmette Regionalkassenwartin, Michael Reuter Stellv. Vorsitzender,<br \/>\nKurt-Michael He\u00df Regionalschriftf\u00fchrer<br \/>\nPersonalausf\u00e4lle im Bahnwesen sowie Neubaustrecke als inhaltliche Themen<br \/>\nMarcus Gottsleben aus dem Regionalvorstand verabschiedet<\/strong><\/p>\n<p>Der PRO BAHN Regionalverband Starkenburg traf sich am Samstag (20.04.2024) zu seiner j\u00e4hrlichen Regionalmitgliederversammlung in Nauheim bei Gro\u00df-Gerau. Man erfreute sich \u00fcber die zahlreiche Teilnahme und die konstruktive Diskussion. Der Regionalverband ist aktiv f\u00fcr die Interessen der Fahrg\u00e4ste in den s\u00fcdhessischen Landkreisen Darmstadt-Dieburg, Gro\u00df-Gerau, Bergstra\u00dfe und Odenwald, der Stadt Darmstadt sowie im \u00f6stlichen Landkreis Offenbach.<\/p>\n<p>Die Versammlung w\u00e4hlte unter Leitung des hessischen PRO BAHN Landesvorsitzenden Thomas Kraft, Thomas Mroczek aus Nauheim zum Regionalvorsitzenden. Ihm steht als weiterhin Stellvertretender Regionalvorsitzender Michael Reuter zur Seite. Neuer Schriftf\u00fchrer ist Kurt-Michael He\u00df aus Weiterstadt, Kassenwartin ist Susan Grimmette aus Darmstadt-Eberstadt. Den Regionalvorstand komplettieren Bernd Rohrmann aus Darmstadt-Kranichstein, Uwe Schuchmann aus Ober-Ramstadt und Robert Sch\u00e4fer aus Darmstadt-Eberstadt.<!--more--><\/p>\n<p>Der langj\u00e4hrige Schriftf\u00fchrer Marcus Gottsleben ist aus beruflichen und pers\u00f6nlichen Gr\u00fcnden aus dem Regionalvorstand ausgeschieden und wird in eine andere PRO BAHN-Gliederung wechseln. F\u00fcr seine langj\u00e4hrige Vorstandsarbeit danke ihm Thomas Kraft, w\u00fcnschte ihm f\u00fcr den weiteren Weg alles Gute und dass ihm die Teilnahme an Veranstaltungen PRO BAHN in Hessen weiterhin jederzeit offenstehen.<\/p>\n<p>In der anschlie\u00dfenden inhaltlichen Diskussion nahm der aktuelle Personalausfall bei den Bahn-verkehrsunternehmen mit der Folge von ausfallenden Z\u00fcgen und au\u00dfer Betrieb genommenen Stellwerken breiten Raum ein. Aus Sicht der Fahrg\u00e4ste ist nun sowohl das Verkehrswesen, als auch die Politik gefragt, gegen diesen Notstand so schnell als m\u00f6glich Abhilfe zu schaffen. Wiederkehrendes Thema au\u00dferdem, der noch in den Kinderschuhen von Planung und Anh\u00f6rung befindlichen Neubaustrecke Frankfurt-Mannheim. <\/p>\n<p>Der PRO BAHN Regionalverband Starkenburg plant, die \u00d6ffentlichkeitsarbeit auszubauen, um so bei den Menschen in der Region f\u00fcr das Thema der Entwicklung von Bussen und Bahnen mehr Interesse zu wecken. Zuversicht bei den Aktiven, dass im Rahmen der Klimadebatte das Thema der \u00f6ffentlichen Mobilit\u00e4t mehr in den Mittelpunkt r\u00fccken wird.<br \/>\n&#8212;&#8212;&#8212;&#8212;&#8212;&#8212;&#8212;&#8212;&#8212;&#8212;&#8212;&#8212;&#8212;-<br \/>\nThomas Kraft, Landesvorsitzender<br \/>\nThomas Mroczek, Regionalvorsitzender<\/p>\n","protected":false},"excerpt":{"rendered":"<p>Susan Grimmette Regionalkassenwartin, Michael Reuter Stellv. Vorsitzender, Kurt-Michael He\u00df Regionalschriftf\u00fchrer Personalausf\u00e4lle im Bahnwesen sowie Neubaustrecke als inhaltliche Themen Marcus Gottsleben aus dem Regionalvorstand verabschiedet Der PRO BAHN Regionalverband Starkenburg traf sich am Samstag (20.04.2024) zu seiner j\u00e4hrlichen Regionalmitgliederversammlung in Nauheim &hellip; <a href=\"https:\/\/pro-bahn-hessen.de\/?p=9410\">Weiterlesen <span class=\"meta-nav\">&rarr;<\/span><\/a><\/p>\n","protected":false},"author":4,"featured_media":0,"comment_status":"closed","ping_status":"open","sticky":false,"template":"","format":"standard","meta":{"footnotes":""},"categories":[1],"tags":[],"_links":{"self":[{"href":"https:\/\/pro-bahn-hessen.de\/index.php?rest_route=\/wp\/v2\/posts\/9410"}],"collection":[{"href":"https:\/\/pro-bahn-hessen.de\/index.php?rest_route=\/wp\/v2\/posts"}],"about":[{"href":"https:\/\/pro-bahn-hessen.de\/index.php?rest_route=\/wp\/v2\/types\/post"}],"author":[{"embeddable":true,"href":"https:\/\/pro-bahn-hessen.de\/index.php?rest_route=\/wp\/v2\/users\/4"}],"replies":[{"embeddable":true,"href":"https:\/\/pro-bahn-hessen.de\/index.php?rest_route=%2Fwp%2Fv2%2Fcomments&post=9410"}],"version-history":[{"count":3,"href":"https:\/\/pro-bahn-hessen.de\/index.php?rest_route=\/wp\/v2\/posts\/9410\/revisions"}],"predecessor-version":[{"id":9413,"href":"https:\/\/pro-bahn-hessen.de\/index.php?rest_route=\/wp\/v2\/posts\/9410\/revisions\/9413"}],"wp:attachment":[{"href":"https:\/\/pro-bahn-hessen.de\/index.php?rest_route=%2Fwp%2Fv2%2Fmedia&parent=9410"}],"wp:term":[{"taxonomy":"category","embeddable":true,"href":"https:\/\/pro-bahn-hessen.de\/index.php?rest_route=%2Fwp%2Fv2%2Fcategories&post=9410"},{"taxonomy":"post_tag","embeddable":true,"href":"https:\/\/pro-bahn-hessen.de\/index.php?rest_route=%2Fwp%2Fv2%2Ftags&post=9410"}],"curies":[{"name":"wp","href":"https:\/\/api.w.org\/{rel}","templated":true}]}}