{"id":9432,"date":"2024-06-03T12:00:45","date_gmt":"2024-06-03T10:00:45","guid":{"rendered":"https:\/\/pro-bahn-hessen.de\/?p=9432"},"modified":"2024-05-30T14:21:12","modified_gmt":"2024-05-30T12:21:12","slug":"josef-schneider-vom-europaeischen-fahrgastverband-zu-gast-beim-hessischen-pro-bahn-forum-im-kulturbahnhof-lollar","status":"publish","type":"post","link":"https:\/\/pro-bahn-hessen.de\/?p=9432","title":{"rendered":"Josef Schneider vom Europ\u00e4ischen Fahrgastverband &#8211; zu Gast beim Hessischen PRO BAHN Forum im Kulturbahnhof Lollar"},"content":{"rendered":"<p><a href=\"https:\/\/pro-bahn-hessen.de\/wp-content\/uploads\/2024\/06\/20240523_1907461-scaled.jpg\"><img loading=\"lazy\" decoding=\"async\" src=\"https:\/\/pro-bahn-hessen.de\/wp-content\/uploads\/2024\/06\/20240523_1907461-300x225.jpg\" alt=\"\" width=\"300\" height=\"225\" class=\"alignright size-medium wp-image-9435\" srcset=\"https:\/\/pro-bahn-hessen.de\/wp-content\/uploads\/2024\/06\/20240523_1907461-300x225.jpg 300w, https:\/\/pro-bahn-hessen.de\/wp-content\/uploads\/2024\/06\/20240523_1907461-1024x768.jpg 1024w, https:\/\/pro-bahn-hessen.de\/wp-content\/uploads\/2024\/06\/20240523_1907461-768x576.jpg 768w, https:\/\/pro-bahn-hessen.de\/wp-content\/uploads\/2024\/06\/20240523_1907461-1536x1152.jpg 1536w, https:\/\/pro-bahn-hessen.de\/wp-content\/uploads\/2024\/06\/20240523_1907461-2048x1536.jpg 2048w\" sizes=\"(max-width: 300px) 100vw, 300px\" \/><\/a>Fahrg\u00e4ste reisen mit verschiedenen \u00f6ffentlichen Verkehrsmitteln durch Europa. Dies war der Anlass, Anfang der 2000er Jahre den Europ\u00e4ischen Fahrgastverband (EPF) zu gr\u00fcnden. EPF steht f\u00fcr \u201eEuropean Passengers Federation\u201c  39 Organisationen aus 21 europ\u00e4ischen Staaten geh\u00f6ren dem EPF an. Der Gesch\u00e4ftsf\u00fchrer des Europ\u00e4ischen Fahrgastverbandes, Josef Schneider, kam als Referent zur n\u00e4chsten Veranstaltung des \u201eHessischen PRO BAHN Forums\u201c in den Kulturbahnhof Lollar. \u00dcber verschiedene Projekte finanziert der EPF seine Arbeit mit 3 fest angestellten Mitarbeiterinnen mit Sitz in Gent, der zweitgr\u00f6\u00dften Gro\u00dfstadt in Belgien, unweit westlich von Br\u00fcssel gelegen. Schneider referierte \u00fcber die Arbeit und die Struktur des EPF. <!--more--><br \/>\nInsbesondere sei es gelungen, verschiedene weitreichende Erfolge in Bezug auf Fahrgastrechte bzw. Fluggastrechte in der Europ\u00e4ischen Union zu erzielen. Die politische Arbeit der EPF umfasst Treffen mit der Politik auf EU-Ebene Darunter sind Entscheidungstr\u00e4gerinnen\/Entscheidungstr\u00e4ger, welche auf Konsultationen zu aktuellen Themen reagieren, welche f\u00fcr die Passagiere von Relevanz sind, Herausgabe von Pressemitteilungen und Positionspapieren. Die Enge Koordination mit den Mitgliedsverb\u00e4nden ist ein weiterer Schwerpunkt. Jede Mitgliedsorganisation ernennt einen Delegierten, der f\u00fcr die Kontakte zwischen seinem Verband und der EPF verantwortlich ist. Aus Deutschland geh\u00f6ren dem EPF der Fahrgastverband PRO BAHN, der Deutsche Bahnkunden-Verband und der Verkehrsclub Deutschland an. Alle Delegierten werden regelm\u00e4\u00dfig zu den Sitzungen der Generalversammlung eingeladen.  Einmal im Jahr findet EPF-Konferenz mit Vortr\u00e4gen und Exkursionen statt. Sie ist immer in einem anderen europ\u00e4ischen Land.<\/p>\n<p>Der EPF widmet sich der Verbesserung des Passagierschutzes in allen Verkehrstr\u00e4gern, also auch derer im Flugzeug . Durch die Analyse im Rahmen der Initiative \u201ePassagiere und ihre Rechte\u201c hat der Europ\u00e4ische Fahrgastverband EPF, die folgenden Hauptpriorit\u00e4ten ermittelt:<br \/>\n&#8211; Flugg\u00e4ste m\u00fcssen besser gegen das Risiko einer Liquidit\u00e4tskrise oder einer Insolvenz gesch\u00fctzt werden, indem die Fluggastrechte gem\u00e4\u00df der Verordnung \u00fcber Fluggastrechte und der Richtlinie \u00fcber Pauschalreisen angeglichen werden.<br \/>\n&#8211; Die Rolle der Vermittler muss gekl\u00e4rt werden &#8211; f\u00fcr Flugreisen, aber auch f\u00fcr multimodale Reisen &#8211; in Bezug auf die Bereitstellung von Informationen, die Bearbeitung von Beschwerden, die Weiterleitung, die Erstattung, die Entsch\u00e4digung und die Unterst\u00fctzung.<br \/>\n&#8211; Flugg\u00e4ste, die einen Einzelflug gebucht haben, sollten ihren Flug ebenso wie Flugg\u00e4ste, die denselben Flug im Rahmen einer Pauschalreise gebucht haben, im Falle einer gr\u00f6\u00dferen Krise (offizielle Reisewarnungen sollten als solche gelten) stornieren k\u00f6nnen, ohne eine Geb\u00fchr zahlen zu m\u00fcssen.<br \/>\n&#8211; Damit multimodale Reisen eine bequeme, zuverl\u00e4ssige und sichere Wahl sind, sollten grunds\u00e4tzlich alle grundlegenden Fahrgastrechte, auch f\u00fcr multimodale Reisen gelten.<br \/>\nF\u00fcr die EPF haben folgende Punkte oberste Priorit\u00e4t:  Garantie der Fortsetzung der Reise;  praktische Informationen, Beratung und Unterst\u00fctzung; unkomplizierte und angemessene Entsch\u00e4digung.<br \/>\n&#8211; Die \u00dcberwachung und Durchsetzung der Fahrgastrechte sollte in der gesamten EU &#8211; f\u00fcr alle Verkehrstr\u00e4ger &#8211; gest\u00e4rkt werden. Die Fahrg\u00e4ste m\u00fcssen besser informiert werden, und das Verfahren zur Bearbeitung von Beschwerden, Erstattungs- und Entsch\u00e4digungsantr\u00e4gen sollte vereinfacht werden<br \/>\n&#8211; F\u00fcr EPF sollte die Initiative \u201eBesserer Schutz f\u00fcr Passagiere und ihre Rechte\u201c alle Verkehrstr\u00e4ger ber\u00fccksichtigen, um sicherzustellen, dass sie zukunftssicher ist.<br \/>\n&#8211; Multimodalit\u00e4t wird in all ihren Facetten abgedeckt. Als Querschnittsthemen sind die Rolle von Vermittlern und das Recht auf Selbstk\u00fcndigung im Falle eines Majors zu nennen.<br \/>\n&#8211; Insbesondere die Krise ist nicht nur f\u00fcr den Flugverkehr, sondern auch f\u00fcr multimodale Reisen relevant.<br \/>\n&#8211;  Dabei ist ein H\u00f6chstma\u00df an Verbraucherschutz anzustreben bzw. aufrechtzuerhalten.<\/p>\n<p>Die Anwesenden im Kulturbahnhof Lollar zeigten sich interessiert und \u00fcberrascht, wie breit aufgestellt die europ\u00e4ische Vertretung f\u00fcr Fahrg\u00e4ste im belgischen Gent arbeitet. Josef Schneider lud dann zur diesj\u00e4hrigen EPF-Konferenz ein. Sie ist sehr zeitnah am 21. Und 22.06.2024 in Warschau. Vielleicht hat ja jemand aus Mittelhessen, aus Hessen Gefallen gefunden, sich noch f\u00fcr die EPF-Konferenz anzumelden.<\/p>\n<p>Der PRO BAHN-Landesvorsitzende danke zum Schluss Josef Schneider f\u00fcr die \u00fcberaus konstruktiven Vortrag.<br \/>\n&#8212;&#8212;&#8212;&#8212;&#8212;&#8212;&#8212;&#8212;&#8212;&#8212;&#8212;&#8212;&#8212;&#8211;<br \/>\nThomas Kraft, Landesvorsitzender<br \/>\nWerner Filzinger, Landesvorstandsmitglied<\/p>\n","protected":false},"excerpt":{"rendered":"<p>Fahrg\u00e4ste reisen mit verschiedenen \u00f6ffentlichen Verkehrsmitteln durch Europa. Dies war der Anlass, Anfang der 2000er Jahre den Europ\u00e4ischen Fahrgastverband (EPF) zu gr\u00fcnden. EPF steht f\u00fcr \u201eEuropean Passengers Federation\u201c 39 Organisationen aus 21 europ\u00e4ischen Staaten geh\u00f6ren dem EPF an. Der Gesch\u00e4ftsf\u00fchrer &hellip; <a href=\"https:\/\/pro-bahn-hessen.de\/?p=9432\">Weiterlesen <span class=\"meta-nav\">&rarr;<\/span><\/a><\/p>\n","protected":false},"author":4,"featured_media":0,"comment_status":"closed","ping_status":"open","sticky":false,"template":"","format":"standard","meta":{"footnotes":""},"categories":[1],"tags":[],"_links":{"self":[{"href":"https:\/\/pro-bahn-hessen.de\/index.php?rest_route=\/wp\/v2\/posts\/9432"}],"collection":[{"href":"https:\/\/pro-bahn-hessen.de\/index.php?rest_route=\/wp\/v2\/posts"}],"about":[{"href":"https:\/\/pro-bahn-hessen.de\/index.php?rest_route=\/wp\/v2\/types\/post"}],"author":[{"embeddable":true,"href":"https:\/\/pro-bahn-hessen.de\/index.php?rest_route=\/wp\/v2\/users\/4"}],"replies":[{"embeddable":true,"href":"https:\/\/pro-bahn-hessen.de\/index.php?rest_route=%2Fwp%2Fv2%2Fcomments&post=9432"}],"version-history":[{"count":4,"href":"https:\/\/pro-bahn-hessen.de\/index.php?rest_route=\/wp\/v2\/posts\/9432\/revisions"}],"predecessor-version":[{"id":9437,"href":"https:\/\/pro-bahn-hessen.de\/index.php?rest_route=\/wp\/v2\/posts\/9432\/revisions\/9437"}],"wp:attachment":[{"href":"https:\/\/pro-bahn-hessen.de\/index.php?rest_route=%2Fwp%2Fv2%2Fmedia&parent=9432"}],"wp:term":[{"taxonomy":"category","embeddable":true,"href":"https:\/\/pro-bahn-hessen.de\/index.php?rest_route=%2Fwp%2Fv2%2Fcategories&post=9432"},{"taxonomy":"post_tag","embeddable":true,"href":"https:\/\/pro-bahn-hessen.de\/index.php?rest_route=%2Fwp%2Fv2%2Ftags&post=9432"}],"curies":[{"name":"wp","href":"https:\/\/api.w.org\/{rel}","templated":true}]}}