{"id":9453,"date":"2024-06-06T22:10:46","date_gmt":"2024-06-06T20:10:46","guid":{"rendered":"https:\/\/pro-bahn-hessen.de\/?p=9453"},"modified":"2024-06-18T22:14:39","modified_gmt":"2024-06-18T20:14:39","slug":"der-umsteiger-ausgabe-2-2024-ist-erschienen","status":"publish","type":"post","link":"https:\/\/pro-bahn-hessen.de\/?p=9453","title":{"rendered":"&#8222;Der Umsteiger&#8220; &#8211; Ausgabe 2\/2024 ist erschienen"},"content":{"rendered":"<p><a href=\"https:\/\/pro-bahn-hessen.de\/wp-content\/uploads\/2024\/06\/Der-Umsteiger_2024-02_Seite-1.jpg\"><img loading=\"lazy\" decoding=\"async\" src=\"https:\/\/pro-bahn-hessen.de\/wp-content\/uploads\/2024\/06\/Der-Umsteiger_2024-02_Seite-1-211x300.jpg\" alt=\"\" width=\"211\" height=\"300\" class=\"alignleft size-medium wp-image-9454\" srcset=\"https:\/\/pro-bahn-hessen.de\/wp-content\/uploads\/2024\/06\/Der-Umsteiger_2024-02_Seite-1-211x300.jpg 211w, https:\/\/pro-bahn-hessen.de\/wp-content\/uploads\/2024\/06\/Der-Umsteiger_2024-02_Seite-1-722x1024.jpg 722w, https:\/\/pro-bahn-hessen.de\/wp-content\/uploads\/2024\/06\/Der-Umsteiger_2024-02_Seite-1-768x1090.jpg 768w, https:\/\/pro-bahn-hessen.de\/wp-content\/uploads\/2024\/06\/Der-Umsteiger_2024-02_Seite-1.jpg 874w\" sizes=\"(max-width: 211px) 100vw, 211px\" \/><\/a><\/p>\n<p>Die 2. Ausgabe des Jahres 2024 von dem Fahrgastmagazin \u201eDer Umsteiger\u201c ist erschienen. In ehrenamtlicher Arbeit ist zum vierten Mal ein Fachmagazin f\u00fcr die interessierte \u00d6ffentlichkeit entstanden, welches mit einigen Tagen Vorlauf bereits den Mitgliedern des PRO BAHN Landesverbandes Hessen e.V. digital bzw. in Papierform zur Verf\u00fcgung steht. Dieses Mal sind in der Ausgabe enthalten: Aus S\u00fcdniedersachsen   Die Bahnstation Bodenfelde\/Weser soll endlich barrierefrei werden, umfangreiche Bauarbeiten haben begonnen \u2013 ZVSN-Fahrgastbeirat startet in zweite Amtszeit aus Nordhessen Neuer Bahnsteig in Fritzlar zu kurz, Kommt der \u201eBauna-Sprinter\u201c? Neue Initiative f\u00fcr eine sinnvolle Reaktivierung \u2013 aus Mittelhessen \u2013 Reaktivierung der Salzb\u00f6debahn lohnt sich volkswirtschaftlich \u2013 Umbau des Bahnhofs Dutenhofen ganz neu denken \u2013 Quo vadis, Lahn-Dill-Kreis? Wahlpr\u00fcfsteine zur Dietzh\u00f6lztalbahn f\u00fcr die Landratskandidaten \u2013 aus Osthessen \u2013 Kleiner Festakt zum Start des viergleisigen Ausbaus der Hauptstrecke Hanau-Gelnhausen \u2013 Neues von der Gro\u00dfbaustelle Parkplatz Bahnhof Lauterbach Aus S\u00fcdhessen \u2013 Besser ein reduzierter daf\u00fcr aber stabiler Fahrplan auf der Odenwaldbahn \u2013 Entsch\u00e4digung f\u00fcr Fahrg\u00e4ste gefordert \u2013 Stra\u00dfenbahn-Verl\u00e4ngerung \u00fcber Darmstadt-Arheilgen hinaus bis nach Wixhausen: Ein Angebot an die B\u00fcrgerschaft. Das Magazin wird herausgegeben von den PRO BAHN Regionalverb\u00e4nden Nordhessen, Osthessen, Mittelhessen, S\u00fcdniedersachsen und Starkenburg sowie von den B\u00fcrgerinitiativen Lumdatalbahn, Kanonenbahn Nordhessen, Dietzh\u00f6lztalbahn und Odenwaldbahn. Viel Spa\u00df beim Lesen.<\/p>\n<p><a href=\"https:\/\/pro-bahn-nom.de\/der-umsteiger-ausgaben-2024\" rel=\"noopener\" target=\"_blank\">Hier geht es zum Umsteiger Nr. 2\/2024<\/a><\/p>\n","protected":false},"excerpt":{"rendered":"<p>Die 2. Ausgabe des Jahres 2024 von dem Fahrgastmagazin \u201eDer Umsteiger\u201c ist erschienen. In ehrenamtlicher Arbeit ist zum vierten Mal ein Fachmagazin f\u00fcr die interessierte \u00d6ffentlichkeit entstanden, welches mit einigen Tagen Vorlauf bereits den Mitgliedern des PRO BAHN Landesverbandes Hessen &hellip; <a href=\"https:\/\/pro-bahn-hessen.de\/?p=9453\">Weiterlesen <span class=\"meta-nav\">&rarr;<\/span><\/a><\/p>\n","protected":false},"author":1,"featured_media":0,"comment_status":"closed","ping_status":"open","sticky":false,"template":"","format":"standard","meta":{"footnotes":""},"categories":[1],"tags":[],"_links":{"self":[{"href":"https:\/\/pro-bahn-hessen.de\/index.php?rest_route=\/wp\/v2\/posts\/9453"}],"collection":[{"href":"https:\/\/pro-bahn-hessen.de\/index.php?rest_route=\/wp\/v2\/posts"}],"about":[{"href":"https:\/\/pro-bahn-hessen.de\/index.php?rest_route=\/wp\/v2\/types\/post"}],"author":[{"embeddable":true,"href":"https:\/\/pro-bahn-hessen.de\/index.php?rest_route=\/wp\/v2\/users\/1"}],"replies":[{"embeddable":true,"href":"https:\/\/pro-bahn-hessen.de\/index.php?rest_route=%2Fwp%2Fv2%2Fcomments&post=9453"}],"version-history":[{"count":3,"href":"https:\/\/pro-bahn-hessen.de\/index.php?rest_route=\/wp\/v2\/posts\/9453\/revisions"}],"predecessor-version":[{"id":9457,"href":"https:\/\/pro-bahn-hessen.de\/index.php?rest_route=\/wp\/v2\/posts\/9453\/revisions\/9457"}],"wp:attachment":[{"href":"https:\/\/pro-bahn-hessen.de\/index.php?rest_route=%2Fwp%2Fv2%2Fmedia&parent=9453"}],"wp:term":[{"taxonomy":"category","embeddable":true,"href":"https:\/\/pro-bahn-hessen.de\/index.php?rest_route=%2Fwp%2Fv2%2Fcategories&post=9453"},{"taxonomy":"post_tag","embeddable":true,"href":"https:\/\/pro-bahn-hessen.de\/index.php?rest_route=%2Fwp%2Fv2%2Ftags&post=9453"}],"curies":[{"name":"wp","href":"https:\/\/api.w.org\/{rel}","templated":true}]}}