{"id":9463,"date":"2024-06-21T20:39:19","date_gmt":"2024-06-21T18:39:19","guid":{"rendered":"https:\/\/pro-bahn-hessen.de\/?p=9463"},"modified":"2024-06-30T08:45:26","modified_gmt":"2024-06-30T06:45:26","slug":"pro-bahn-landesverband-hessen-staerkt-position-des-bundesverbandes-zur-kritik-an-der-bundesregierung-keine-eisenbahnmilliarde-fuer-die-strasse-fahrgastverband-pro-bahn-fordert-einhaltung-des-koalit","status":"publish","type":"post","link":"https:\/\/pro-bahn-hessen.de\/?p=9463","title":{"rendered":"PRO BAHN Landesverband Hessen st\u00e4rkt Position des Bundesverbandes zur Kritik an der Bundesregierung &#8211; Keine Eisenbahnmilliarde f\u00fcr die Stra\u00dfe! Fahrgastverband PRO BAHN fordert Einhaltung des Koalitionsvertrags"},"content":{"rendered":"<p><strong>Sollte dies zur Umsetzung kommen, sieht man darin eine Grenz\u00fcberschreitung gegen Fahrg\u00e4ste sowie vors\u00e4tzliches Handeln gegen Zukunftsinteressen der Gesamtgesellschaft. <\/strong><\/p>\n<p><a href=\"https:\/\/pro-bahn-hessen.de\/wp-content\/uploads\/2023\/04\/2013-04-06-09.54.58-rotated.jpg\"><img loading=\"lazy\" decoding=\"async\" src=\"https:\/\/pro-bahn-hessen.de\/wp-content\/uploads\/2023\/04\/2013-04-06-09.54.58-225x300.jpg\" alt=\"\" width=\"225\" height=\"300\" class=\"alignright size-medium wp-image-8831\" srcset=\"https:\/\/pro-bahn-hessen.de\/wp-content\/uploads\/2023\/04\/2013-04-06-09.54.58-225x300.jpg 225w, https:\/\/pro-bahn-hessen.de\/wp-content\/uploads\/2023\/04\/2013-04-06-09.54.58-768x1024.jpg 768w, https:\/\/pro-bahn-hessen.de\/wp-content\/uploads\/2023\/04\/2013-04-06-09.54.58-1152x1536.jpg 1152w, https:\/\/pro-bahn-hessen.de\/wp-content\/uploads\/2023\/04\/2013-04-06-09.54.58-1536x2048.jpg 1536w, https:\/\/pro-bahn-hessen.de\/wp-content\/uploads\/2023\/04\/2013-04-06-09.54.58-rotated.jpg 1920w\" sizes=\"(max-width: 225px) 100vw, 225px\" \/><\/a><\/p>\n<p>Der PRO BAHN LV Hessen steht voll umf\u00e4nglich hinter der Pressemitteilung des PRO BAHN Bundesverbandes, worin sehr deutlich darin Kritik daran ge\u00fcbt wird, eine Milliarde Euro aus den Investitionsmitteln Schiene in den Einzeletat f\u00fcr die Stra\u00dfe zu \u00fcberf\u00fchren.<\/p>\n<p><a href=\"https:\/\/www.pro-bahn.de\/presse\/pm_bv_show.php?id=508\" rel=\"noopener\" target=\"_blank\">Pressemitteilung des PRO BAHN Bundesverbandes &#8211; Keine Eisenbahnmilliarde f\u00fcr die Stra\u00dfe! Fahrgastverband PRO BAHN fordert Einhaltung des Koalitionsvertrags <\/a><br \/>\n<!--more--><\/p>\n<p>Schon die bislang geplanten Gesamtmittel f\u00fcr die Investition in die Schiene reichen bei weitem nicht aus. Fahrg\u00e4ste werden somit der unw\u00fcrdigen Ausgrenzung und das in einem Land, in welchem \u00fcberall gem. Grundgesetz gleiche Lebensverh\u00e4ltnisse und Freiz\u00fcgigkeit vorherrschen m\u00fcssten. Unter dem Gesichtspunkt \u201eNur Reiche k\u00f6nnen sich einen armen Staat leisten\u201c sind demnach Teile der Bundesregierung unterwegs. Im Dogma des Kaputtsparens krankhaft verfangen ist Bundesfinanzminister Lindner zu einer politischen Belastung f\u00fcr Deutschland und die hier lebenden Menschen geworden. Die breite Reihe der f\u00fchrenden Wirtschaftswissenschaftler und Wirtschaftswissenschaftlerinnen, einschlie\u00dflich Wirtschaftsweiser, sie fordert sehr deutlich seit Monaten, dass Investitionen in die Infrastruktur von der Schuldenbremse ausgenommen werden. \u00dcbersteigerte Selbst\u00fcberzeugung und Bratungsresistenz von Herrn Lindner k\u00f6nnten in eine nationale und kontinentale Apokalypse in Sachen Wirtschaft und Umwelt f\u00fchren. Die Verkehrspolitik des Bundesverkehrsministers Volker Wissing (FDP) stellt nach drei Jahren mehr ein Tr\u00fcmmerhaufen als eine strukturierte Arbeit dar. <\/p>\n<p>Der PRO BAHN Landesverband Hessen sagt mit h\u00e4rtester Deutlichkeit: \u201eFinger weg von jedem Cent, welcher bislang f\u00fcr die Eisenbahn bereitgestellt ist\u201c und k\u00fcndigt einen deutlichen gesellschaftlichen Diskurs an, falls an dieser verfehlten Politik festgehalten wird.<\/p>\n","protected":false},"excerpt":{"rendered":"<p>Sollte dies zur Umsetzung kommen, sieht man darin eine Grenz\u00fcberschreitung gegen Fahrg\u00e4ste sowie vors\u00e4tzliches Handeln gegen Zukunftsinteressen der Gesamtgesellschaft. Der PRO BAHN LV Hessen steht voll umf\u00e4nglich hinter der Pressemitteilung des PRO BAHN Bundesverbandes, worin sehr deutlich darin Kritik daran &hellip; <a href=\"https:\/\/pro-bahn-hessen.de\/?p=9463\">Weiterlesen <span class=\"meta-nav\">&rarr;<\/span><\/a><\/p>\n","protected":false},"author":1,"featured_media":0,"comment_status":"closed","ping_status":"open","sticky":false,"template":"","format":"standard","meta":{"footnotes":""},"categories":[1],"tags":[],"_links":{"self":[{"href":"https:\/\/pro-bahn-hessen.de\/index.php?rest_route=\/wp\/v2\/posts\/9463"}],"collection":[{"href":"https:\/\/pro-bahn-hessen.de\/index.php?rest_route=\/wp\/v2\/posts"}],"about":[{"href":"https:\/\/pro-bahn-hessen.de\/index.php?rest_route=\/wp\/v2\/types\/post"}],"author":[{"embeddable":true,"href":"https:\/\/pro-bahn-hessen.de\/index.php?rest_route=\/wp\/v2\/users\/1"}],"replies":[{"embeddable":true,"href":"https:\/\/pro-bahn-hessen.de\/index.php?rest_route=%2Fwp%2Fv2%2Fcomments&post=9463"}],"version-history":[{"count":7,"href":"https:\/\/pro-bahn-hessen.de\/index.php?rest_route=\/wp\/v2\/posts\/9463\/revisions"}],"predecessor-version":[{"id":9485,"href":"https:\/\/pro-bahn-hessen.de\/index.php?rest_route=\/wp\/v2\/posts\/9463\/revisions\/9485"}],"wp:attachment":[{"href":"https:\/\/pro-bahn-hessen.de\/index.php?rest_route=%2Fwp%2Fv2%2Fmedia&parent=9463"}],"wp:term":[{"taxonomy":"category","embeddable":true,"href":"https:\/\/pro-bahn-hessen.de\/index.php?rest_route=%2Fwp%2Fv2%2Fcategories&post=9463"},{"taxonomy":"post_tag","embeddable":true,"href":"https:\/\/pro-bahn-hessen.de\/index.php?rest_route=%2Fwp%2Fv2%2Ftags&post=9463"}],"curies":[{"name":"wp","href":"https:\/\/api.w.org\/{rel}","templated":true}]}}