{"id":968,"date":"2013-12-09T23:14:31","date_gmt":"2013-12-09T21:14:31","guid":{"rendered":"http:\/\/pro-bahn-hessen.de\/?p=968"},"modified":"2014-01-19T19:24:50","modified_gmt":"2014-01-19T17:24:50","slug":"968","status":"publish","type":"post","link":"https:\/\/pro-bahn-hessen.de\/?p=968","title":{"rendered":"PRO BAHN w\u00fcnscht Frohe Weihnachten und einen guten Start ins Jahr 2014"},"content":{"rendered":"<p>Der LANDESAUSSCHUSS und der LANDESVORSTAND vom PRO BAHN Landesverband Hessen e.V. sowie die Vorst\u00e4nde und Sprecher der f\u00fcnf hessischen Regionalverb\u00e4nde STARKENBURG; GROSSRAUM FRANKFURT, MITTELHESSEN, OSTHESSEN und NORDHESSEN w\u00fcnschen allen Fahrg\u00e4sten, Mitgliedern, Fachinteressierten, befreundeten Vereinen und Verb\u00e4nden sowie den Tr\u00e4gern der \u00f6ffentlichen Personenbef\u00f6rderung eine GESEGNETE WEIHNACHTSZEIT, ein SCH\u00d6NES WEIHNACHTSFEST und einen GUTEN START INS NEUE JAHR 2014.<\/p>\n","protected":false},"excerpt":{"rendered":"<p>Der LANDESAUSSCHUSS und der LANDESVORSTAND vom PRO BAHN Landesverband Hessen e.V. sowie die Vorst\u00e4nde und Sprecher der f\u00fcnf hessischen Regionalverb\u00e4nde STARKENBURG; GROSSRAUM FRANKFURT, MITTELHESSEN, OSTHESSEN und NORDHESSEN w\u00fcnschen allen Fahrg\u00e4sten, Mitgliedern, Fachinteressierten, befreundeten Vereinen und Verb\u00e4nden sowie den Tr\u00e4gern der &hellip; <a href=\"https:\/\/pro-bahn-hessen.de\/?p=968\">Weiterlesen <span class=\"meta-nav\">&rarr;<\/span><\/a><\/p>\n","protected":false},"author":1,"featured_media":0,"comment_status":"open","ping_status":"open","sticky":false,"template":"","format":"standard","meta":{"footnotes":""},"categories":[1],"tags":[],"_links":{"self":[{"href":"https:\/\/pro-bahn-hessen.de\/index.php?rest_route=\/wp\/v2\/posts\/968"}],"collection":[{"href":"https:\/\/pro-bahn-hessen.de\/index.php?rest_route=\/wp\/v2\/posts"}],"about":[{"href":"https:\/\/pro-bahn-hessen.de\/index.php?rest_route=\/wp\/v2\/types\/post"}],"author":[{"embeddable":true,"href":"https:\/\/pro-bahn-hessen.de\/index.php?rest_route=\/wp\/v2\/users\/1"}],"replies":[{"embeddable":true,"href":"https:\/\/pro-bahn-hessen.de\/index.php?rest_route=%2Fwp%2Fv2%2Fcomments&post=968"}],"version-history":[{"count":7,"href":"https:\/\/pro-bahn-hessen.de\/index.php?rest_route=\/wp\/v2\/posts\/968\/revisions"}],"predecessor-version":[{"id":995,"href":"https:\/\/pro-bahn-hessen.de\/index.php?rest_route=\/wp\/v2\/posts\/968\/revisions\/995"}],"wp:attachment":[{"href":"https:\/\/pro-bahn-hessen.de\/index.php?rest_route=%2Fwp%2Fv2%2Fmedia&parent=968"}],"wp:term":[{"taxonomy":"category","embeddable":true,"href":"https:\/\/pro-bahn-hessen.de\/index.php?rest_route=%2Fwp%2Fv2%2Fcategories&post=968"},{"taxonomy":"post_tag","embeddable":true,"href":"https:\/\/pro-bahn-hessen.de\/index.php?rest_route=%2Fwp%2Fv2%2Ftags&post=968"}],"curies":[{"name":"wp","href":"https:\/\/api.w.org\/{rel}","templated":true}]}}